{"id":963,"date":"2020-11-04T16:30:33","date_gmt":"2020-11-04T15:30:33","guid":{"rendered":"https:\/\/www.franckdespagne.com\/?p=963"},"modified":"2020-11-05T11:59:13","modified_gmt":"2020-11-05T10:59:13","slug":"nouveautes-2020","status":"publish","type":"post","link":"https:\/\/www.franckdespagne.com\/fr\/nouveautes-2020\/","title":{"rendered":"L&rsquo;H\u00f4te Antique, vin d&rsquo;amphore"},"content":{"rendered":"<p>Comme annonc\u00e9 \u00e0 l&rsquo;automne 2019, notre cuv\u00e9e exp\u00e9rimentale \u00e9lev\u00e9e en amphore est d\u00e9sormais disponible. Nous sommes particuli\u00e8rement fiers du r\u00e9sultat : l&rsquo;<a href=\"https:\/\/www.franckdespagne.com\/fr\/hote-antique-amphore-montagne-saint-emilion\/\">H\u00f4te Antique<\/a>. Ce vin longtemps r\u00eav\u00e9 se pr\u00e9sente \u00e0 vous dans un flacon original et dans un \u00e9crin au design soign\u00e9. Parfait pour vos cadeaux de fin d&rsquo;ann\u00e9e&#8230; mais ne tardez pas trop, les quantit\u00e9s sont tr\u00e8s limit\u00e9es.<\/p>\n<p>Les Ch\u00e2teaux Vieux Bonneau et Jamard Belcour ont \u00e9t\u00e9 r\u00e9compens\u00e9s aux Concours des vins de Lyon et de Bordeaux, respectivement des m\u00e9dailles d&rsquo;or et de bronze. \u00c9galement, L&rsquo;Envie, depuis le mill\u00e9sime 2018, se voit offrir une toute nouvelle \u00e9tiquette.<\/p>\n<p>En ces temps compliqu\u00e9s, nous n&rsquo;avons qu&rsquo;un d\u00e9sir : vous donner du plaisir !<br \/>\nNous vous souhaitons une excellente fin d&rsquo;ann\u00e9e !<\/p>\n","protected":false},"excerpt":{"rendered":"<p>Comme annonc\u00e9 \u00e0 l&rsquo;automne 2019, notre cuv\u00e9e exp\u00e9rimentale \u00e9lev\u00e9e en amphore est d\u00e9sormais disponible. Nous sommes particuli\u00e8rement fiers du r\u00e9sultat : l&rsquo;H\u00f4te Antique. Ce vin longtemps r\u00eav\u00e9 se pr\u00e9sente \u00e0 vous dans un flacon original et dans un \u00e9crin au design soign\u00e9. Parfait pour vos cadeaux de fin d&rsquo;ann\u00e9e&#8230; mais ne tardez pas trop, les [&hellip;]<\/p>\n","protected":false},"author":1,"featured_media":975,"comment_status":"closed","ping_status":"open","sticky":false,"template":"","format":"standard","meta":{"footnotes":""},"categories":[1],"tags":[],"yoast_head":"<!-- This site is optimized with the Yoast SEO plugin v24.4 - https:\/\/yoast.com\/wordpress\/plugins\/seo\/ -->\n<title>L&#039;H\u00f4te Antique, vin d&#039;amphore - Franck Despagne - Montagne Saint-Emilion<\/title>\n<meta name=\"robots\" content=\"index, follow, max-snippet:-1, max-image-preview:large, max-video-preview:-1\" \/>\n<link rel=\"canonical\" href=\"https:\/\/www.franckdespagne.com\/fr\/nouveautes-2020\/\" \/>\n<meta property=\"og:locale\" content=\"fr_FR\" \/>\n<meta property=\"og:type\" content=\"article\" \/>\n<meta property=\"og:title\" content=\"L&#039;H\u00f4te Antique, vin d&#039;amphore - Franck Despagne - Montagne Saint-Emilion\" \/>\n<meta property=\"og:description\" content=\"Comme annonc\u00e9 \u00e0 l&rsquo;automne 2019, notre cuv\u00e9e exp\u00e9rimentale \u00e9lev\u00e9e en amphore est d\u00e9sormais disponible. Nous sommes particuli\u00e8rement fiers du r\u00e9sultat : l&rsquo;H\u00f4te Antique. Ce vin longtemps r\u00eav\u00e9 se pr\u00e9sente \u00e0 vous dans un flacon original et dans un \u00e9crin au design soign\u00e9. Parfait pour vos cadeaux de fin d&rsquo;ann\u00e9e&#8230; mais ne tardez pas trop, les [&hellip;]\" \/>\n<meta property=\"og:url\" content=\"https:\/\/www.franckdespagne.com\/fr\/nouveautes-2020\/\" \/>\n<meta property=\"og:site_name\" content=\"Franck Despagne - Montagne Saint-Emilion\" \/>\n<meta property=\"article:published_time\" content=\"2020-11-04T15:30:33+00:00\" \/>\n<meta property=\"article:modified_time\" content=\"2020-11-05T10:59:13+00:00\" \/>\n<meta property=\"og:image\" content=\"https:\/\/www.franckdespagne.com\/wp-content\/uploads\/actu-hote-antique-bordeaux-amphore-v3.jpg\" \/>\n\t<meta property=\"og:image:width\" content=\"1000\" \/>\n\t<meta property=\"og:image:height\" content=\"500\" \/>\n\t<meta property=\"og:image:type\" content=\"image\/jpeg\" \/>\n<meta name=\"author\" content=\"calou92fd\" \/>\n<meta name=\"twitter:label1\" content=\"\u00c9crit par\" \/>\n\t<meta name=\"twitter:data1\" content=\"calou92fd\" \/>\n\t<meta name=\"twitter:label2\" content=\"Dur\u00e9e de lecture estim\u00e9e\" \/>\n\t<meta name=\"twitter:data2\" content=\"1 minute\" \/>\n<script type=\"application\/ld+json\" class=\"yoast-schema-graph\">{\"@context\":\"https:\/\/schema.org\",\"@graph\":[{\"@type\":\"WebPage\",\"@id\":\"https:\/\/www.franckdespagne.com\/fr\/nouveautes-2020\/\",\"url\":\"https:\/\/www.franckdespagne.com\/fr\/nouveautes-2020\/\",\"name\":\"L'H\u00f4te Antique, vin d'amphore - Franck Despagne - Montagne Saint-Emilion\",\"isPartOf\":{\"@id\":\"https:\/\/www.franckdespagne.com\/fr\/#website\"},\"primaryImageOfPage\":{\"@id\":\"https:\/\/www.franckdespagne.com\/fr\/nouveautes-2020\/#primaryimage\"},\"image\":{\"@id\":\"https:\/\/www.franckdespagne.com\/fr\/nouveautes-2020\/#primaryimage\"},\"thumbnailUrl\":\"https:\/\/www.franckdespagne.com\/wp-content\/uploads\/actu-hote-antique-bordeaux-amphore-v3.jpg\",\"datePublished\":\"2020-11-04T15:30:33+00:00\",\"dateModified\":\"2020-11-05T10:59:13+00:00\",\"author\":{\"@id\":\"https:\/\/www.franckdespagne.com\/fr\/#\/schema\/person\/e25eaf3e0dd453490ce1aeb2bf0c386c\"},\"breadcrumb\":{\"@id\":\"https:\/\/www.franckdespagne.com\/fr\/nouveautes-2020\/#breadcrumb\"},\"inLanguage\":\"fr-FR\",\"potentialAction\":[{\"@type\":\"ReadAction\",\"target\":[\"https:\/\/www.franckdespagne.com\/fr\/nouveautes-2020\/\"]}]},{\"@type\":\"ImageObject\",\"inLanguage\":\"fr-FR\",\"@id\":\"https:\/\/www.franckdespagne.com\/fr\/nouveautes-2020\/#primaryimage\",\"url\":\"https:\/\/www.franckdespagne.com\/wp-content\/uploads\/actu-hote-antique-bordeaux-amphore-v3.jpg\",\"contentUrl\":\"https:\/\/www.franckdespagne.com\/wp-content\/uploads\/actu-hote-antique-bordeaux-amphore-v3.jpg\",\"width\":1000,\"height\":500},{\"@type\":\"BreadcrumbList\",\"@id\":\"https:\/\/www.franckdespagne.com\/fr\/nouveautes-2020\/#breadcrumb\",\"itemListElement\":[{\"@type\":\"ListItem\",\"position\":1,\"name\":\"Accueil\",\"item\":\"https:\/\/www.franckdespagne.com\/fr\/\"},{\"@type\":\"ListItem\",\"position\":2,\"name\":\"L&rsquo;H\u00f4te Antique, vin d&rsquo;amphore\"}]},{\"@type\":\"WebSite\",\"@id\":\"https:\/\/www.franckdespagne.com\/fr\/#website\",\"url\":\"https:\/\/www.franckdespagne.com\/fr\/\",\"name\":\"Franck Despagne - Montagne Saint-Emilion\",\"description\":\"\",\"potentialAction\":[{\"@type\":\"SearchAction\",\"target\":{\"@type\":\"EntryPoint\",\"urlTemplate\":\"https:\/\/www.franckdespagne.com\/fr\/?s={search_term_string}\"},\"query-input\":{\"@type\":\"PropertyValueSpecification\",\"valueRequired\":true,\"valueName\":\"search_term_string\"}}],\"inLanguage\":\"fr-FR\"},{\"@type\":\"Person\",\"@id\":\"https:\/\/www.franckdespagne.com\/fr\/#\/schema\/person\/e25eaf3e0dd453490ce1aeb2bf0c386c\",\"name\":\"calou92fd\",\"url\":\"https:\/\/www.franckdespagne.com\/fr\/author\/calou92fd\/\"}]}<\/script>\n<!-- \/ Yoast SEO plugin. -->","yoast_head_json":{"title":"L'H\u00f4te Antique, vin d'amphore - Franck Despagne - Montagne Saint-Emilion","robots":{"index":"index","follow":"follow","max-snippet":"max-snippet:-1","max-image-preview":"max-image-preview:large","max-video-preview":"max-video-preview:-1"},"canonical":"https:\/\/www.franckdespagne.com\/fr\/nouveautes-2020\/","og_locale":"fr_FR","og_type":"article","og_title":"L'H\u00f4te Antique, vin d'amphore - Franck Despagne - Montagne Saint-Emilion","og_description":"Comme annonc\u00e9 \u00e0 l&rsquo;automne 2019, notre cuv\u00e9e exp\u00e9rimentale \u00e9lev\u00e9e en amphore est d\u00e9sormais disponible. Nous sommes particuli\u00e8rement fiers du r\u00e9sultat : l&rsquo;H\u00f4te Antique. Ce vin longtemps r\u00eav\u00e9 se pr\u00e9sente \u00e0 vous dans un flacon original et dans un \u00e9crin au design soign\u00e9. Parfait pour vos cadeaux de fin d&rsquo;ann\u00e9e&#8230; mais ne tardez pas trop, les [&hellip;]","og_url":"https:\/\/www.franckdespagne.com\/fr\/nouveautes-2020\/","og_site_name":"Franck Despagne - Montagne Saint-Emilion","article_published_time":"2020-11-04T15:30:33+00:00","article_modified_time":"2020-11-05T10:59:13+00:00","og_image":[{"width":1000,"height":500,"url":"https:\/\/www.franckdespagne.com\/wp-content\/uploads\/actu-hote-antique-bordeaux-amphore-v3.jpg","type":"image\/jpeg"}],"author":"calou92fd","twitter_misc":{"\u00c9crit par":"calou92fd","Dur\u00e9e de lecture estim\u00e9e":"1 minute"},"schema":{"@context":"https:\/\/schema.org","@graph":[{"@type":"WebPage","@id":"https:\/\/www.franckdespagne.com\/fr\/nouveautes-2020\/","url":"https:\/\/www.franckdespagne.com\/fr\/nouveautes-2020\/","name":"L'H\u00f4te Antique, vin d'amphore - Franck Despagne - Montagne Saint-Emilion","isPartOf":{"@id":"https:\/\/www.franckdespagne.com\/fr\/#website"},"primaryImageOfPage":{"@id":"https:\/\/www.franckdespagne.com\/fr\/nouveautes-2020\/#primaryimage"},"image":{"@id":"https:\/\/www.franckdespagne.com\/fr\/nouveautes-2020\/#primaryimage"},"thumbnailUrl":"https:\/\/www.franckdespagne.com\/wp-content\/uploads\/actu-hote-antique-bordeaux-amphore-v3.jpg","datePublished":"2020-11-04T15:30:33+00:00","dateModified":"2020-11-05T10:59:13+00:00","author":{"@id":"https:\/\/www.franckdespagne.com\/fr\/#\/schema\/person\/e25eaf3e0dd453490ce1aeb2bf0c386c"},"breadcrumb":{"@id":"https:\/\/www.franckdespagne.com\/fr\/nouveautes-2020\/#breadcrumb"},"inLanguage":"fr-FR","potentialAction":[{"@type":"ReadAction","target":["https:\/\/www.franckdespagne.com\/fr\/nouveautes-2020\/"]}]},{"@type":"ImageObject","inLanguage":"fr-FR","@id":"https:\/\/www.franckdespagne.com\/fr\/nouveautes-2020\/#primaryimage","url":"https:\/\/www.franckdespagne.com\/wp-content\/uploads\/actu-hote-antique-bordeaux-amphore-v3.jpg","contentUrl":"https:\/\/www.franckdespagne.com\/wp-content\/uploads\/actu-hote-antique-bordeaux-amphore-v3.jpg","width":1000,"height":500},{"@type":"BreadcrumbList","@id":"https:\/\/www.franckdespagne.com\/fr\/nouveautes-2020\/#breadcrumb","itemListElement":[{"@type":"ListItem","position":1,"name":"Accueil","item":"https:\/\/www.franckdespagne.com\/fr\/"},{"@type":"ListItem","position":2,"name":"L&rsquo;H\u00f4te Antique, vin d&rsquo;amphore"}]},{"@type":"WebSite","@id":"https:\/\/www.franckdespagne.com\/fr\/#website","url":"https:\/\/www.franckdespagne.com\/fr\/","name":"Franck Despagne - Montagne Saint-Emilion","description":"","potentialAction":[{"@type":"SearchAction","target":{"@type":"EntryPoint","urlTemplate":"https:\/\/www.franckdespagne.com\/fr\/?s={search_term_string}"},"query-input":{"@type":"PropertyValueSpecification","valueRequired":true,"valueName":"search_term_string"}}],"inLanguage":"fr-FR"},{"@type":"Person","@id":"https:\/\/www.franckdespagne.com\/fr\/#\/schema\/person\/e25eaf3e0dd453490ce1aeb2bf0c386c","name":"calou92fd","url":"https:\/\/www.franckdespagne.com\/fr\/author\/calou92fd\/"}]}},"_links":{"self":[{"href":"https:\/\/www.franckdespagne.com\/fr\/wp-json\/wp\/v2\/posts\/963"}],"collection":[{"href":"https:\/\/www.franckdespagne.com\/fr\/wp-json\/wp\/v2\/posts"}],"about":[{"href":"https:\/\/www.franckdespagne.com\/fr\/wp-json\/wp\/v2\/types\/post"}],"author":[{"embeddable":true,"href":"https:\/\/www.franckdespagne.com\/fr\/wp-json\/wp\/v2\/users\/1"}],"replies":[{"embeddable":true,"href":"https:\/\/www.franckdespagne.com\/fr\/wp-json\/wp\/v2\/comments?post=963"}],"version-history":[{"count":9,"href":"https:\/\/www.franckdespagne.com\/fr\/wp-json\/wp\/v2\/posts\/963\/revisions"}],"predecessor-version":[{"id":993,"href":"https:\/\/www.franckdespagne.com\/fr\/wp-json\/wp\/v2\/posts\/963\/revisions\/993"}],"wp:featuredmedia":[{"embeddable":true,"href":"https:\/\/www.franckdespagne.com\/fr\/wp-json\/wp\/v2\/media\/975"}],"wp:attachment":[{"href":"https:\/\/www.franckdespagne.com\/fr\/wp-json\/wp\/v2\/media?parent=963"}],"wp:term":[{"taxonomy":"category","embeddable":true,"href":"https:\/\/www.franckdespagne.com\/fr\/wp-json\/wp\/v2\/categories?post=963"},{"taxonomy":"post_tag","embeddable":true,"href":"https:\/\/www.franckdespagne.com\/fr\/wp-json\/wp\/v2\/tags?post=963"}],"curies":[{"name":"wp","href":"https:\/\/api.w.org\/{rel}","templated":true}]}}