{"id":800,"date":"2018-09-28T16:28:36","date_gmt":"2018-09-28T15:28:36","guid":{"rendered":"https:\/\/www.franckdespagne.com\/?p=800"},"modified":"2018-09-28T17:23:23","modified_gmt":"2018-09-28T16:23:23","slug":"envie-deux-etoiles-guide-hachette","status":"publish","type":"post","link":"https:\/\/www.franckdespagne.com\/fr\/envie-deux-etoiles-guide-hachette\/","title":{"rendered":"Deux \u00e9toiles au Guide Hachette pour l&rsquo;Envie 2015"},"content":{"rendered":"<p>L&rsquo;ann\u00e9e 2018 est un soulagement et offre une belle r\u00e9colte. Et comme un bonheur ne vient jamais seul, nous sommes heureux de vous annoncer que l&rsquo;Envie 2015 vient d&rsquo;\u00eatre r\u00e9compens\u00e9 avec deux \u00e9toiles par le Guide Hachette : <em>la parure de ce Montagne, fortement color\u00e9e de grenat nuanc\u00e9 d&rsquo;acajou suscite&#8230; l&rsquo;envie. Envie de respirer une olfaction exub\u00e9rante (fruits noirs m\u00fbrs, bigarreau, vanilles, notes fum\u00e9es et r\u00e9sin\u00e9es). Le pr\u00e9lude \u00e0 une bouche rac\u00e9e, dense, ample et charnue, bien structur\u00e9e par des tanins fermes<\/em>.<\/p>\n<p>Venez le d\u00e9guster aux Salons des Vignerons Ind\u00e9pendants :<\/p>\n<p>A <strong>Lille<\/strong>, du 19 au 19 novembre 2018 stand D63<br \/>\nA <strong>Paris<\/strong> (Porte de Versailles), du 28 novembre au 2 d\u00e9cembre 2018 stand A10<br \/>\nA <strong>Strasbourg<\/strong>, du 22 au 25 f\u00e9vrier 2019 stand C127<\/p>\n","protected":false},"excerpt":{"rendered":"<p>L&rsquo;ann\u00e9e 2018 est un soulagement et offre une belle r\u00e9colte. Et comme un bonheur ne vient jamais seul, nous sommes heureux de vous annoncer que l&rsquo;Envie 2015 vient d&rsquo;\u00eatre r\u00e9compens\u00e9 avec deux \u00e9toiles par le Guide Hachette : la parure de ce Montagne, fortement color\u00e9e de grenat nuanc\u00e9 d&rsquo;acajou suscite&#8230; l&rsquo;envie. Envie de respirer une [&hellip;]<\/p>\n","protected":false},"author":1,"featured_media":825,"comment_status":"closed","ping_status":"open","sticky":false,"template":"","format":"standard","meta":{"footnotes":""},"categories":[1],"tags":[],"yoast_head":"<!-- This site is optimized with the Yoast SEO plugin v24.4 - https:\/\/yoast.com\/wordpress\/plugins\/seo\/ -->\n<title>Deux \u00e9toiles au Guide Hachette pour l&#039;Envie 2015 - Franck Despagne - Montagne Saint-Emilion<\/title>\n<meta name=\"robots\" content=\"index, follow, max-snippet:-1, max-image-preview:large, max-video-preview:-1\" \/>\n<link rel=\"canonical\" href=\"https:\/\/www.franckdespagne.com\/fr\/envie-deux-etoiles-guide-hachette\/\" \/>\n<meta property=\"og:locale\" content=\"fr_FR\" \/>\n<meta property=\"og:type\" content=\"article\" \/>\n<meta property=\"og:title\" content=\"Deux \u00e9toiles au Guide Hachette pour l&#039;Envie 2015 - Franck Despagne - Montagne Saint-Emilion\" \/>\n<meta property=\"og:description\" content=\"L&rsquo;ann\u00e9e 2018 est un soulagement et offre une belle r\u00e9colte. Et comme un bonheur ne vient jamais seul, nous sommes heureux de vous annoncer que l&rsquo;Envie 2015 vient d&rsquo;\u00eatre r\u00e9compens\u00e9 avec deux \u00e9toiles par le Guide Hachette : la parure de ce Montagne, fortement color\u00e9e de grenat nuanc\u00e9 d&rsquo;acajou suscite&#8230; l&rsquo;envie. Envie de respirer une [&hellip;]\" \/>\n<meta property=\"og:url\" content=\"https:\/\/www.franckdespagne.com\/fr\/envie-deux-etoiles-guide-hachette\/\" \/>\n<meta property=\"og:site_name\" content=\"Franck Despagne - Montagne Saint-Emilion\" \/>\n<meta property=\"article:published_time\" content=\"2018-09-28T15:28:36+00:00\" \/>\n<meta property=\"article:modified_time\" content=\"2018-09-28T16:23:23+00:00\" \/>\n<meta property=\"og:image\" content=\"https:\/\/www.franckdespagne.com\/wp-content\/uploads\/2018-09_actu_guide_2019-v3.jpg\" \/>\n\t<meta property=\"og:image:width\" content=\"1000\" \/>\n\t<meta property=\"og:image:height\" content=\"500\" \/>\n\t<meta property=\"og:image:type\" content=\"image\/jpeg\" \/>\n<meta name=\"author\" content=\"calou92fd\" \/>\n<meta name=\"twitter:label1\" content=\"\u00c9crit par\" \/>\n\t<meta name=\"twitter:data1\" content=\"calou92fd\" \/>\n\t<meta name=\"twitter:label2\" content=\"Dur\u00e9e de lecture estim\u00e9e\" \/>\n\t<meta name=\"twitter:data2\" content=\"1 minute\" \/>\n<script type=\"application\/ld+json\" class=\"yoast-schema-graph\">{\"@context\":\"https:\/\/schema.org\",\"@graph\":[{\"@type\":\"WebPage\",\"@id\":\"https:\/\/www.franckdespagne.com\/fr\/envie-deux-etoiles-guide-hachette\/\",\"url\":\"https:\/\/www.franckdespagne.com\/fr\/envie-deux-etoiles-guide-hachette\/\",\"name\":\"Deux \u00e9toiles au Guide Hachette pour l'Envie 2015 - Franck Despagne - Montagne Saint-Emilion\",\"isPartOf\":{\"@id\":\"https:\/\/www.franckdespagne.com\/fr\/#website\"},\"primaryImageOfPage\":{\"@id\":\"https:\/\/www.franckdespagne.com\/fr\/envie-deux-etoiles-guide-hachette\/#primaryimage\"},\"image\":{\"@id\":\"https:\/\/www.franckdespagne.com\/fr\/envie-deux-etoiles-guide-hachette\/#primaryimage\"},\"thumbnailUrl\":\"https:\/\/www.franckdespagne.com\/wp-content\/uploads\/2018-09_actu_guide_2019-v3.jpg\",\"datePublished\":\"2018-09-28T15:28:36+00:00\",\"dateModified\":\"2018-09-28T16:23:23+00:00\",\"author\":{\"@id\":\"https:\/\/www.franckdespagne.com\/fr\/#\/schema\/person\/e25eaf3e0dd453490ce1aeb2bf0c386c\"},\"breadcrumb\":{\"@id\":\"https:\/\/www.franckdespagne.com\/fr\/envie-deux-etoiles-guide-hachette\/#breadcrumb\"},\"inLanguage\":\"fr-FR\",\"potentialAction\":[{\"@type\":\"ReadAction\",\"target\":[\"https:\/\/www.franckdespagne.com\/fr\/envie-deux-etoiles-guide-hachette\/\"]}]},{\"@type\":\"ImageObject\",\"inLanguage\":\"fr-FR\",\"@id\":\"https:\/\/www.franckdespagne.com\/fr\/envie-deux-etoiles-guide-hachette\/#primaryimage\",\"url\":\"https:\/\/www.franckdespagne.com\/wp-content\/uploads\/2018-09_actu_guide_2019-v3.jpg\",\"contentUrl\":\"https:\/\/www.franckdespagne.com\/wp-content\/uploads\/2018-09_actu_guide_2019-v3.jpg\",\"width\":1000,\"height\":500},{\"@type\":\"BreadcrumbList\",\"@id\":\"https:\/\/www.franckdespagne.com\/fr\/envie-deux-etoiles-guide-hachette\/#breadcrumb\",\"itemListElement\":[{\"@type\":\"ListItem\",\"position\":1,\"name\":\"Accueil\",\"item\":\"https:\/\/www.franckdespagne.com\/fr\/\"},{\"@type\":\"ListItem\",\"position\":2,\"name\":\"Deux \u00e9toiles au Guide Hachette pour l&rsquo;Envie 2015\"}]},{\"@type\":\"WebSite\",\"@id\":\"https:\/\/www.franckdespagne.com\/fr\/#website\",\"url\":\"https:\/\/www.franckdespagne.com\/fr\/\",\"name\":\"Franck Despagne - Montagne Saint-Emilion\",\"description\":\"\",\"potentialAction\":[{\"@type\":\"SearchAction\",\"target\":{\"@type\":\"EntryPoint\",\"urlTemplate\":\"https:\/\/www.franckdespagne.com\/fr\/?s={search_term_string}\"},\"query-input\":{\"@type\":\"PropertyValueSpecification\",\"valueRequired\":true,\"valueName\":\"search_term_string\"}}],\"inLanguage\":\"fr-FR\"},{\"@type\":\"Person\",\"@id\":\"https:\/\/www.franckdespagne.com\/fr\/#\/schema\/person\/e25eaf3e0dd453490ce1aeb2bf0c386c\",\"name\":\"calou92fd\",\"url\":\"https:\/\/www.franckdespagne.com\/fr\/author\/calou92fd\/\"}]}<\/script>\n<!-- \/ Yoast SEO plugin. -->","yoast_head_json":{"title":"Deux \u00e9toiles au Guide Hachette pour l'Envie 2015 - Franck Despagne - Montagne Saint-Emilion","robots":{"index":"index","follow":"follow","max-snippet":"max-snippet:-1","max-image-preview":"max-image-preview:large","max-video-preview":"max-video-preview:-1"},"canonical":"https:\/\/www.franckdespagne.com\/fr\/envie-deux-etoiles-guide-hachette\/","og_locale":"fr_FR","og_type":"article","og_title":"Deux \u00e9toiles au Guide Hachette pour l'Envie 2015 - Franck Despagne - Montagne Saint-Emilion","og_description":"L&rsquo;ann\u00e9e 2018 est un soulagement et offre une belle r\u00e9colte. Et comme un bonheur ne vient jamais seul, nous sommes heureux de vous annoncer que l&rsquo;Envie 2015 vient d&rsquo;\u00eatre r\u00e9compens\u00e9 avec deux \u00e9toiles par le Guide Hachette : la parure de ce Montagne, fortement color\u00e9e de grenat nuanc\u00e9 d&rsquo;acajou suscite&#8230; l&rsquo;envie. Envie de respirer une [&hellip;]","og_url":"https:\/\/www.franckdespagne.com\/fr\/envie-deux-etoiles-guide-hachette\/","og_site_name":"Franck Despagne - Montagne Saint-Emilion","article_published_time":"2018-09-28T15:28:36+00:00","article_modified_time":"2018-09-28T16:23:23+00:00","og_image":[{"width":1000,"height":500,"url":"https:\/\/www.franckdespagne.com\/wp-content\/uploads\/2018-09_actu_guide_2019-v3.jpg","type":"image\/jpeg"}],"author":"calou92fd","twitter_misc":{"\u00c9crit par":"calou92fd","Dur\u00e9e de lecture estim\u00e9e":"1 minute"},"schema":{"@context":"https:\/\/schema.org","@graph":[{"@type":"WebPage","@id":"https:\/\/www.franckdespagne.com\/fr\/envie-deux-etoiles-guide-hachette\/","url":"https:\/\/www.franckdespagne.com\/fr\/envie-deux-etoiles-guide-hachette\/","name":"Deux \u00e9toiles au Guide Hachette pour l'Envie 2015 - Franck Despagne - Montagne Saint-Emilion","isPartOf":{"@id":"https:\/\/www.franckdespagne.com\/fr\/#website"},"primaryImageOfPage":{"@id":"https:\/\/www.franckdespagne.com\/fr\/envie-deux-etoiles-guide-hachette\/#primaryimage"},"image":{"@id":"https:\/\/www.franckdespagne.com\/fr\/envie-deux-etoiles-guide-hachette\/#primaryimage"},"thumbnailUrl":"https:\/\/www.franckdespagne.com\/wp-content\/uploads\/2018-09_actu_guide_2019-v3.jpg","datePublished":"2018-09-28T15:28:36+00:00","dateModified":"2018-09-28T16:23:23+00:00","author":{"@id":"https:\/\/www.franckdespagne.com\/fr\/#\/schema\/person\/e25eaf3e0dd453490ce1aeb2bf0c386c"},"breadcrumb":{"@id":"https:\/\/www.franckdespagne.com\/fr\/envie-deux-etoiles-guide-hachette\/#breadcrumb"},"inLanguage":"fr-FR","potentialAction":[{"@type":"ReadAction","target":["https:\/\/www.franckdespagne.com\/fr\/envie-deux-etoiles-guide-hachette\/"]}]},{"@type":"ImageObject","inLanguage":"fr-FR","@id":"https:\/\/www.franckdespagne.com\/fr\/envie-deux-etoiles-guide-hachette\/#primaryimage","url":"https:\/\/www.franckdespagne.com\/wp-content\/uploads\/2018-09_actu_guide_2019-v3.jpg","contentUrl":"https:\/\/www.franckdespagne.com\/wp-content\/uploads\/2018-09_actu_guide_2019-v3.jpg","width":1000,"height":500},{"@type":"BreadcrumbList","@id":"https:\/\/www.franckdespagne.com\/fr\/envie-deux-etoiles-guide-hachette\/#breadcrumb","itemListElement":[{"@type":"ListItem","position":1,"name":"Accueil","item":"https:\/\/www.franckdespagne.com\/fr\/"},{"@type":"ListItem","position":2,"name":"Deux \u00e9toiles au Guide Hachette pour l&rsquo;Envie 2015"}]},{"@type":"WebSite","@id":"https:\/\/www.franckdespagne.com\/fr\/#website","url":"https:\/\/www.franckdespagne.com\/fr\/","name":"Franck Despagne - Montagne Saint-Emilion","description":"","potentialAction":[{"@type":"SearchAction","target":{"@type":"EntryPoint","urlTemplate":"https:\/\/www.franckdespagne.com\/fr\/?s={search_term_string}"},"query-input":{"@type":"PropertyValueSpecification","valueRequired":true,"valueName":"search_term_string"}}],"inLanguage":"fr-FR"},{"@type":"Person","@id":"https:\/\/www.franckdespagne.com\/fr\/#\/schema\/person\/e25eaf3e0dd453490ce1aeb2bf0c386c","name":"calou92fd","url":"https:\/\/www.franckdespagne.com\/fr\/author\/calou92fd\/"}]}},"_links":{"self":[{"href":"https:\/\/www.franckdespagne.com\/fr\/wp-json\/wp\/v2\/posts\/800"}],"collection":[{"href":"https:\/\/www.franckdespagne.com\/fr\/wp-json\/wp\/v2\/posts"}],"about":[{"href":"https:\/\/www.franckdespagne.com\/fr\/wp-json\/wp\/v2\/types\/post"}],"author":[{"embeddable":true,"href":"https:\/\/www.franckdespagne.com\/fr\/wp-json\/wp\/v2\/users\/1"}],"replies":[{"embeddable":true,"href":"https:\/\/www.franckdespagne.com\/fr\/wp-json\/wp\/v2\/comments?post=800"}],"version-history":[{"count":9,"href":"https:\/\/www.franckdespagne.com\/fr\/wp-json\/wp\/v2\/posts\/800\/revisions"}],"predecessor-version":[{"id":833,"href":"https:\/\/www.franckdespagne.com\/fr\/wp-json\/wp\/v2\/posts\/800\/revisions\/833"}],"wp:featuredmedia":[{"embeddable":true,"href":"https:\/\/www.franckdespagne.com\/fr\/wp-json\/wp\/v2\/media\/825"}],"wp:attachment":[{"href":"https:\/\/www.franckdespagne.com\/fr\/wp-json\/wp\/v2\/media?parent=800"}],"wp:term":[{"taxonomy":"category","embeddable":true,"href":"https:\/\/www.franckdespagne.com\/fr\/wp-json\/wp\/v2\/categories?post=800"},{"taxonomy":"post_tag","embeddable":true,"href":"https:\/\/www.franckdespagne.com\/fr\/wp-json\/wp\/v2\/tags?post=800"}],"curies":[{"name":"wp","href":"https:\/\/api.w.org\/{rel}","templated":true}]}}